{"id":352,"count":1,"description":"Views est une collection qui rend hommage \u00e0 notre grand-p\u00e8re, Cecilio Valga\u00f1\u00f3n, fondateur de l'entreprise. Inspir\u00e9e par le paysage qu'il contemplait chaque jour depuis son bureau, elle refl\u00e8te l'essence de la Sierra de la Demanda, sa nature et la rivi\u00e8re, si importante dans notre processus.\n\nDans cette premi\u00e8re \u00e9dition, Views capture ce m\u00eame paysage tout au long du jour et de la nuit, partageant avec fiert\u00e9 la source de notre inspiration.\n\nJour 1 \u2013 Coucher de soleil \u00e0 Ezcaray\nJour 2 \u2013 Lever de soleil \u00e0 Ezcaray\nNuit 1 \u2013 Nuit froide et enneig\u00e9e\nNuit 2 \u2013 Nuit de lune rouge","link":"https:\/\/www.mantasezcaray.com\/fr\/collections\/views\/","name":"Views","slug":"views","taxonomy":"colecciones","parent":0,"meta":[],"acf":[],"_links":{"self":[{"href":"https:\/\/www.mantasezcaray.com\/fr\/wp-json\/wp\/v2\/colecciones\/352","targetHints":{"allow":["GET"]}}],"collection":[{"href":"https:\/\/www.mantasezcaray.com\/fr\/wp-json\/wp\/v2\/colecciones"}],"about":[{"href":"https:\/\/www.mantasezcaray.com\/fr\/wp-json\/wp\/v2\/taxonomies\/colecciones"}],"wp:post_type":[{"href":"https:\/\/www.mantasezcaray.com\/fr\/wp-json\/wp\/v2\/product?colecciones=352"}],"curies":[{"name":"wp","href":"https:\/\/api.w.org\/{rel}","templated":true}]}}